{"id":6422,"date":"2026-03-12T13:16:44","date_gmt":"2026-03-12T12:16:44","guid":{"rendered":"https:\/\/advanced-foresight.com\/?p=6422"},"modified":"2026-04-09T17:05:33","modified_gmt":"2026-04-09T15:05:33","slug":"tag-der-zukunftsforscherinnen-2026-demokratie-foresight","status":"publish","type":"post","link":"https:\/\/advanced-foresight.com\/en\/tag-der-zukunftsforscherinnen-2026-demokratie-foresight\/","title":{"rendered":"Tag der Zukunftsforscherinnen 2026: Wessen Perspektiven pr\u00e4gen unsere Demokratiedebatten?"},"content":{"rendered":"<div data-elementor-type=\"wp-post\" data-elementor-id=\"6422\" class=\"elementor elementor-6422\" data-elementor-post-type=\"post\">\n\t\t\t\t<div class=\"elementor-element elementor-element-e32f32b e-flex e-con-boxed e-con e-parent\" data-id=\"e32f32b\" data-element_type=\"container\" data-e-type=\"container\">\n\t\t\t\t\t<div class=\"e-con-inner\">\n\t\t<div class=\"elementor-element elementor-element-30206910 e-con-full e-flex e-con e-child\" data-id=\"30206910\" data-element_type=\"container\" data-e-type=\"container\">\n\t\t<div class=\"elementor-element elementor-element-4086873b e-flex e-con-boxed e-con e-child\" data-id=\"4086873b\" data-element_type=\"container\" data-e-type=\"container\" data-settings=\"{&quot;background_background&quot;:&quot;classic&quot;}\">\n\t\t\t\t\t<div class=\"e-con-inner\">\n\t\t<div class=\"elementor-element elementor-element-29471fac e-flex e-con-boxed e-con e-child\" data-id=\"29471fac\" data-element_type=\"container\" data-e-type=\"container\" data-settings=\"{&quot;background_background&quot;:&quot;classic&quot;}\">\n\t\t\t\t\t<div class=\"e-con-inner\">\n\t\t\t\t<div class=\"elementor-element elementor-element-1ef2e581 aspect-ratio elementor-widget elementor-widget-theme-post-featured-image elementor-widget-image\" data-id=\"1ef2e581\" data-element_type=\"widget\" data-e-type=\"widget\" data-widget_type=\"theme-post-featured-image.default\">\n\t\t\t\t<div class=\"elementor-widget-container\">\n\t\t\t\t\t\t\t\t\t\t\t\t\t\t\t<img fetchpriority=\"high\" decoding=\"async\" width=\"1024\" height=\"576\" src=\"https:\/\/advanced-foresight.com\/wp-content\/uploads\/2026\/03\/2026-Tag_der_Zukunfstforscherinnen_Schaltzeit_image138_16-9_w-1024x576.jpg\" class=\"attachment-large size-large wp-image-6458\" alt=\"Teilnehmende beim Tag der Zukunftsforscherinnen 2026 bei Ellery Studio Berlin\" srcset=\"https:\/\/advanced-foresight.com\/wp-content\/uploads\/2026\/03\/2026-Tag_der_Zukunfstforscherinnen_Schaltzeit_image138_16-9_w-1024x576.jpg 1024w, https:\/\/advanced-foresight.com\/wp-content\/uploads\/2026\/03\/2026-Tag_der_Zukunfstforscherinnen_Schaltzeit_image138_16-9_w-300x169.jpg 300w, https:\/\/advanced-foresight.com\/wp-content\/uploads\/2026\/03\/2026-Tag_der_Zukunfstforscherinnen_Schaltzeit_image138_16-9_w-768x432.jpg 768w, https:\/\/advanced-foresight.com\/wp-content\/uploads\/2026\/03\/2026-Tag_der_Zukunfstforscherinnen_Schaltzeit_image138_16-9_w-18x10.jpg 18w, https:\/\/advanced-foresight.com\/wp-content\/uploads\/2026\/03\/2026-Tag_der_Zukunfstforscherinnen_Schaltzeit_image138_16-9_w.jpg 1170w\" sizes=\"(max-width: 1024px) 100vw, 1024px\" title=\"\">\t\t\t\t\t\t\t\t\t\t\t\t\t\t\t<\/div>\n\t\t\t\t<\/div>\n\t\t\t\t\t<\/div>\n\t\t\t\t<\/div>\n\t\t<div class=\"elementor-element elementor-element-6c5fad2d e-flex e-con-boxed e-con e-child\" data-id=\"6c5fad2d\" data-element_type=\"container\" data-e-type=\"container\" data-settings=\"{&quot;background_background&quot;:&quot;classic&quot;}\">\n\t\t\t\t\t<div class=\"e-con-inner\">\n\t\t\t\t<div class=\"elementor-element elementor-element-1974650a elementor-widget elementor-widget-heading\" data-id=\"1974650a\" data-element_type=\"widget\" data-e-type=\"widget\" data-widget_type=\"heading.default\">\n\t\t\t\t<div class=\"elementor-widget-container\">\n\t\t\t\t\t<h2 class=\"elementor-heading-title elementor-size-default\">Tag der Zukunftsforscherinnen 2026: Wessen Perspektiven pr\u00e4gen unsere Demokratiedebatten?<\/h2>\t\t\t\t<\/div>\n\t\t\t\t<\/div>\n\t\t\t\t<div class=\"elementor-element elementor-element-741b53ea elementor-widget elementor-widget-post-info\" data-id=\"741b53ea\" data-element_type=\"widget\" data-e-type=\"widget\" data-widget_type=\"post-info.default\">\n\t\t\t\t<div class=\"elementor-widget-container\">\n\t\t\t\t\t\t\t<ul class=\"elementor-inline-items elementor-icon-list-items elementor-post-info\">\n\t\t\t\t\t\t\t\t<li class=\"elementor-icon-list-item elementor-repeater-item-b465917 elementor-inline-item\">\n\t\t\t\t\t\t\t\t\t\t\t\t\t<span class=\"elementor-icon-list-text elementor-post-info__item elementor-post-info__item--type-custom\">\n\t\t\t\t\t\t\t\t\t\tMagdalena Soetebeer\t\t\t\t\t<\/span>\n\t\t\t\t\t\t\t\t<\/li>\n\t\t\t\t<\/ul>\n\t\t\t\t\t\t<\/div>\n\t\t\t\t<\/div>\n\t\t\t\t<div class=\"elementor-element elementor-element-f0ff1d2 elementor-widget elementor-widget-text-editor\" data-id=\"f0ff1d2\" data-element_type=\"widget\" data-e-type=\"widget\" data-widget_type=\"text-editor.default\">\n\t\t\t\t<div class=\"elementor-widget-container\">\n\t\t\t\t\t\t\t\t\tDie Frage, wessen Stimmen Zukunftsdebatten pr\u00e4gen, ist keine akademische. Sie entscheidet dar\u00fcber, welche Zuk\u00fcnfte \u00fcberhaupt denkbar werden \u2013 und welche nicht. Am 5. M\u00e4rz 2026 widmete sich der j\u00e4hrliche Tag der Zukunftsforscherinnen genau dieser Frage, diesmal mit dem Fokus auf die Zukunft unserer Demokratie. Als europ\u00e4isches Netzwerk f\u00fcr Strategic Foresight freuten wir uns, vertreten durch einige Mitglieder der Advanced Foresight Group dabei sein zu k\u00f6nnen.\t\t\t\t\t\t\t\t<\/div>\n\t\t\t\t<\/div>\n\t\t\t\t<div class=\"elementor-element elementor-element-fdfa924 elementor-widget elementor-widget-text-editor\" data-id=\"fdfa924\" data-element_type=\"widget\" data-e-type=\"widget\" data-widget_type=\"text-editor.default\">\n\t\t\t\t<div class=\"elementor-widget-container\">\n\t\t\t\t\t\t\t\t\t<p>\u201eWas als m\u00f6glich, wahrscheinlich oder w\u00fcnschenswert gilt, h\u00e4ngt auch davon ab, wer erz\u00e4hlt, wie erz\u00e4hlt wird und welche Perspektiven sichtbar oder unsichtbar bleiben. Vor dem Hintergrund aktueller gesellschaftlicher und politischer Entwicklungen, die in vielen Bereichen regressiv wirken, erscheint es dringlich, Frauen* zu st\u00e4rken und auch in der Zukunftsforschung ihre Stimmen sichtbar zu machen.&#8220;<\/p>\t\t\t\t\t\t\t\t<\/div>\n\t\t\t\t<\/div>\n\t\t\t\t<div class=\"elementor-element elementor-element-b856e8a elementor-widget elementor-widget-text-editor\" data-id=\"b856e8a\" data-element_type=\"widget\" data-e-type=\"widget\" data-widget_type=\"text-editor.default\">\n\t\t\t\t<div class=\"elementor-widget-container\">\n\t\t\t\t\t\t\t\t\t<p>Mit diesen Worten beschreibt Maren Eickhoff, Initiatorin des Blogs der Zukunftsforscherinnen, einen blinden Fleck, der unsere gesamte Branche betrifft \u2013 und den Antrieb hinter dem j\u00e4hrlichen Tag der Zukunftsforscherinnen.<\/p><h3>Was sind die Zukunftsforscherinnen?<\/h3><p>Die <strong>Zukunftsforscherinnen<\/strong> sind eine Initiative, die die Sichtbarkeit von Frauen in der Foresight-Branche st\u00e4rkt, sie vernetzt und ihnen eine B\u00fchne bietet. J\u00e4hrlich, anl\u00e4sslich des Internationalen Frauentags, organisieren sie den <strong>Tag der Zukunftsforscherinnen<\/strong> \u2013 eine Veranstaltung, die ausdr\u00fccklich keine Veranstaltung exklusiv f\u00fcr Frauen ist: Im Publikum und hinter der Bar waren alle Geschlechter willkommen.<\/p><p>Das Netzwerk adressiert einen blinden Fleck, der die gesamte Branche betrifft: Zukunftsgestaltung ist weiblich \u2013 aber Zukunftsdiskurse sind es oft noch nicht.<\/p><h3>Motto 2026: \u201eDemokratie st\u00e4rken, Perspektiven gestalten\u201c<\/h3><p>Der Abend verfolgte ein doppeltes Ziel: Zukunftsdebatten rund um Demokratie zu f\u00f6rdern \u2013 und diese Debatten selbst zu demokratisieren, durch die Sichtbarmachung von Frauen* in der Zukunftsgestaltung. Die Leitfrage des Abends: Wie gelingt eine inklusive, faire Zukunftsgestaltung, die vielf\u00e4ltige Perspektiven mitdenkt, anstatt zu exkludieren?<\/p><h3>Der Wert unbequemer Zuk\u00fcnfte<\/h3><p>Zukunftsforschung besch\u00e4ftigt sich traditionell auch mit unerw\u00fcnschten Szenarien. Doch wenn es um gesellschaftspolitische Fragen geht, stellt sich schnell die Frage: Welche Zuk\u00fcnfte sind diskutierbar? Wo normalisieren wir mit antidemokratischen Zukunftsbildern einen Diskurs, den wir nicht wollen?<\/p><p><strong>Beate Schulz-Montag<\/strong> stellte acht Szenarien f\u00fcr die Zukunft der liberalen Demokratie in Deutschland vor, die im Rahmen der Studie <em>\u201eAlte Grenzen \u2013 Neue Gefahren 2035\u201c<\/em> des Projekts D2030 erarbeitet wurden. Sieben davon zeigen, wie Demokratie erodiert \u2013 schleichend, in kleinen Schritten, oft ohne erkennbaren Moment des Bruchs.<\/p><p>Genau darin liegt die eigentliche Gefahr: Demokratien brechen in diesen Szenarien nicht abrupt zusammen. Sie gew\u00f6hnen sich. An Rhetorik, die gestern noch verurteilt wurde. An Kompromisse, die sich als Pragmatismus tarnen. An eine politische Mitte, die ihre eigene Sprache verliert, weil sie die Sprache der anderen \u00fcbernimmt.<\/p><p>Schulz-Montags Botschaft war keine pessimistische \u2013 sondern eine strategische: Wer diese Entwicklungspfade versteht, wer die Kipppunkte kennt, wer begreift, welche Dynamiken eine Gesellschaft von einem demokratischen in ein autorit\u00e4res Szenario treiben, der kann auch gegensteuern.<\/p><h3>Die emotionale Dimension von Zukunftsdebatten<\/h3><p>Moderiert von <strong>Dodo V\u00f6gler<\/strong> f\u00fchrte der Abend nahtlos von der analytischen Szenarioarbeit zur entscheidenden Anschlussfrage: Was n\u00fctzen die besten Szenarien auf rationaler Ebene, wenn wir nicht in der Lage sind, mit Menschen unterschiedlichster Perspektiven konstruktiv dar\u00fcber zu sprechen?<\/p><p><strong>Susanne Waldow-Meier<\/strong> brachte einen sozialpsychologischen Blick ein und beleuchtete die emotionale Ebene in Zukunftsdebatten \u2013 ein Aspekt, der in der Foresight-Praxis oft untersch\u00e4tzt wird.<\/p><p>Was passiert mit uns, wenn wir \u00fcber Demokratie, Populismus und bedrohliche Zuk\u00fcnfte ins Gespr\u00e4ch kommen? In <em>unbequeme<\/em> Gespr\u00e4che \u2013 nicht in gegenseitige Best\u00e4tigungen innerhalb der eigenen Bubble?<\/p><p>Susanne Waldow-Meier sprach \u00fcber Unbehagen, Angst, Unsicherheit \u2013 aber auch \u00fcber Abwehr. Wie oft fl\u00fcchten wir in Komfortzonen? In Debatten mit Kreisen, die ohnehin schon denken wie wir? In Narrative, die uns best\u00e4tigen, statt herauszufordern? In die angenehme Gewissheit, dass die anderen das Problem sind \u2013 und wir nicht?<\/p><p>Ihr zentrales Argument: Rechtspopulistische Narrative sind nicht zuletzt deshalb so wirksam, weil sie emotional funktionieren. Sie bieten Entlastung. Sie sagen: <em>Du musst dich nicht ver\u00e4ndern. Du musst dich nicht hinterfragen. Die Schuld liegt woanders.<\/em> Das ist ein m\u00e4chtiges Angebot \u2013 und wer es nur rational zu widerlegen versucht, wird scheitern.<\/p><p>Was stattdessen hilft? Die Bereitschaft, Unbehagen auszuhalten. Kritische Selbstreflexion. Und <strong>\u201eradikale H\u00f6flichkeit\u201c<\/strong>: offen bleiben f\u00fcr schwierige Perspektiven, ohne die eigene Klarheit in demokratischen Positionen aufzugeben. Echtes Zuh\u00f6ren, auch wenn es anstrengend ist \u2013 nicht weil man allem zustimmt, sondern weil echter Dialog nur dort beginnt, wo Komfortzonen enden.<\/p><h3>Vom Zuh\u00f6ren ins Gespr\u00e4ch: Workshop und Vernetzung<\/h3><p>Auf die Vortr\u00e4ge folgte kein passives Ausklingen \u2013 sondern ein interaktiver Workshopaustausch, organisiert von <strong>Melisande Rodenacker<\/strong>. An drei Stationen konnten die \u00fcber 40 Teilnehmenden gemeinsam sinnieren: Was sind ihre Forderungen und W\u00fcnsche an die Demokratie? Was braucht es \u2013 von uns, von Institutionen, von der Zivilgesellschaft?<\/p><p>Das Format schuf genau den Raum, den Susanne Waldow-Meiers Vortrag eingefordert hatte: nicht die bequeme Best\u00e4tigung, sondern den echten Austausch \u00fcber unterschiedliche Perspektiven. Anschlie\u00dfend blieb bei Snacks und Getr\u00e4nken genug offener Raum f\u00fcr informelle Vernetzung \u2013 und die Gespr\u00e4che, die sich nicht in Workshopformaten fassen lassen.<\/p><p>Ein wichtiger Hinweis, der nicht vergessen werden sollte: Auch wenn die Sichtbarkeit von Frauen im Mittelpunkt steht \u2013 der Abend war ausdr\u00fccklich offen f\u00fcr alle Geschlechter. All genders welcome. Das ist kein Nebensatz, sondern Programm.<\/p><h3>Warum dieser Abend mehr war als eine Veranstaltung<\/h3><p>Wie der Internationale Frauentag selbst ist der Tag der Zukunftsforscherinnen ein Reminder: Ihre Perspektiven haben nicht nur an einem Tag im Jahr Relevanz \u2013 sondern an allen 365.<\/p><p>Beide Vortr\u00e4ge des Abends machten das exemplarisch sichtbar. Sie brachten eine analytische Tiefe und eine emotionale Ehrlichkeit in die Diskussion, die in vielen Foresight-R\u00e4umen noch immer fehlt. Gerade f\u00fcr Zukunftsforscher, denen klassische Rollenbilder den bewussten Umgang mit der emotionalen Ebene erschweren, war der Abend ein produktiver Spiegel.<\/p><p>Die Vortr\u00e4ge, der Workshop, die Gespr\u00e4che danach \u2013 zusammen ergaben sie einen Abend, der seinem Anspruch \u2013 sich gegenseitig zu st\u00e4rken, zu inspirieren und neue M\u00f6glichkeitsr\u00e4ume zu \u00f6ffnen \u2013 mehr als gerecht wurde. Und ein guter Reminder, wie sehr es unser aller Job ist, vielf\u00e4ltige Perspektiven in der gesellschaftlichen Zukunftsgestaltung zu inkludieren, statt zu exkludieren.<\/p><p>Wir bedanken uns herzlich bei den <strong>Zukunftsforscherinnen<\/strong> f\u00fcr die wunderbare Veranstaltung. <strong>Dodo V\u00f6gler<\/strong> (<a href=\"https:\/\/ellerystudio.com\" target=\"_blank\" rel=\"noopener\">Ellery Studio<\/a>) stellte ihr Studio wie jedes Jahr als Location zur Verf\u00fcgung und f\u00fchrte souver\u00e4n durch den Abend. <strong>Melisande Rodenacker<\/strong> gestaltete den interaktiven Workshopaustausch. <strong>Franziska Isabelle Sch\u00f6nfeld<\/strong> sorgte als Teil des Orgateams und an der T\u00fcr daf\u00fcr, dass der Abend reibungslos lief. <strong>Niels Jansen<\/strong> (Ellery Studio) und <strong>Andr\u00e9 Winzer<\/strong> (<a href=\"https:\/\/www.schaltzeit.com\" target=\"_blank\" rel=\"noopener\">Schaltzeit GmbH<\/a>) \u00fcbernahmen die Bar und spendeten im Namen der Advanced Foresight Group Sekt f\u00fcr alle Zukunftsforscherinnen und Teilnehmende.<\/p>\t\t\t\t\t\t\t\t<\/div>\n\t\t\t\t<\/div>\n\t\t<div class=\"elementor-element elementor-element-d8abd4d e-con-full e-flex e-con e-child\" data-id=\"d8abd4d\" data-element_type=\"container\" data-e-type=\"container\">\n\t\t\t\t<div class=\"elementor-element elementor-element-e55bf71 elementor-widget elementor-widget-text-editor\" data-id=\"e55bf71\" data-element_type=\"widget\" data-e-type=\"widget\" data-widget_type=\"text-editor.default\">\n\t\t\t\t<div class=\"elementor-widget-container\">\n\t\t\t\t\t\t\t\t\t<h3>Q&amp;As zum Tag der Zukunftsforscherinnen<\/h3>\t\t\t\t\t\t\t\t<\/div>\n\t\t\t\t<\/div>\n\t\t\t\t<div class=\"elementor-element elementor-element-3c49d8a align-at-right uael-faq-box-layout-yes elementor-widget elementor-widget-uael-faq\" data-id=\"3c49d8a\" data-element_type=\"widget\" data-e-type=\"widget\" data-widget_type=\"uael-faq.default\">\n\t\t\t\t<div class=\"elementor-widget-container\">\n\t\t\t\t\t\n\t\t\t<div id='uael-faq-wrapper-632' class=\"uael-faq-wrapper\">\n\t\t\t\t<div class=\"uael-faq-container uael-faq-layout-accordion\" data-layout=\"accordion\" >\n\t\t\t\t\t\t\t\t\t\t\t\t<div id=\"uael-accordion-40ce180\" class=\"uael-faq-accordion\" role=\"tablist\">\n\t\t\t\t\t\t\t\t<div class= \"uael-accordion-title\" aria-expanded=\"false\" role=\"tab\">\n\t\t\t\t\t\t\t\t\t<span class=\"uael-accordion-icon uael-accordion-icon-right\">\n\t\t\t\t\t\t\t\t\t\t<span class=\"uael-accordion-icon-closed\"><i class=\"fal fa-plus\"><\/i><\/span>\n\t\t\t\t\t\t\t\t\t\t<span class=\"uael-accordion-icon-opened\"><i class=\"fal fa-minus\"><\/i><\/span>\n\t\t\t\t\t\t\t\t\t<\/span>\n\t\t\t\t\t\t\t\t\t<span class=\"uael-question-40ce180 uael-question-span\" tabindex=\"0\" id=\"uael-faq-1-69eef0a80a842\">Was ist der Tag der Zukunftsforscherinnen?<\/span>\n\t\t\t\t\t\t\t\t<\/div>\n\t\t\t\t\t\t\t\t<div class=\"uael-accordion-content\" role=\"tabpanel\">\n\t\t\t\t\t\t\t\t\t<span>\n\t\t\t\t\t\t\t\t\t<span><p>Der Tag der Zukunftsforscherinnen ist eine j\u00e4hrlich stattfindende \u00a0Veranstaltung der <em><strong>Initiative<\/strong> Zukunftsforscherinnen<\/em>, die anl\u00e4sslich des Internationalen Frauentags stattfindet und die Sichtbarkeit von Frauen in der Foresight-Branche st\u00e4rkt.<\/p><\/span>\t\t\t\t\t\t\t\t\t<\/span>\n\t\t\t\t\t\t\t\t<\/div>\n\t\t\t\t\t\t\t<\/div>\n\t\t\t\t\t\t\t\t\t\t\t\t\t\t<div id=\"uael-accordion-1d68c08\" class=\"uael-faq-accordion\" role=\"tablist\">\n\t\t\t\t\t\t\t\t<div class= \"uael-accordion-title\" aria-expanded=\"false\" role=\"tab\">\n\t\t\t\t\t\t\t\t\t<span class=\"uael-accordion-icon uael-accordion-icon-right\">\n\t\t\t\t\t\t\t\t\t\t<span class=\"uael-accordion-icon-closed\"><i class=\"fal fa-plus\"><\/i><\/span>\n\t\t\t\t\t\t\t\t\t\t<span class=\"uael-accordion-icon-opened\"><i class=\"fal fa-minus\"><\/i><\/span>\n\t\t\t\t\t\t\t\t\t<\/span>\n\t\t\t\t\t\t\t\t\t<span class=\"uael-question-1d68c08 uael-question-span\" tabindex=\"0\" id=\"uael-faq-2-69eef0a80a886\">Wer kann teilnehmen?<\/span>\n\t\t\t\t\t\t\t\t<\/div>\n\t\t\t\t\t\t\t\t<div class=\"uael-accordion-content\" role=\"tabpanel\">\n\t\t\t\t\t\t\t\t\t<span>\n\t\t\t\t\t\t\t\t\t<span>Die Veranstaltung ist offen f\u00fcr alle Geschlechter \u2013 Zukunftsforscherinnen, Foresight-Praktiker*innen und alle, die sich f\u00fcr die Zukunft der Demokratie und gesellschaftliche Gestaltung interessieren.<\/span>\t\t\t\t\t\t\t\t\t<\/span>\n\t\t\t\t\t\t\t\t<\/div>\n\t\t\t\t\t\t\t<\/div>\n\t\t\t\t\t\t\t\t\t\t\t\t\t\t<div id=\"uael-accordion-dc38e93\" class=\"uael-faq-accordion\" role=\"tablist\">\n\t\t\t\t\t\t\t\t<div class= \"uael-accordion-title\" aria-expanded=\"false\" role=\"tab\">\n\t\t\t\t\t\t\t\t\t<span class=\"uael-accordion-icon uael-accordion-icon-right\">\n\t\t\t\t\t\t\t\t\t\t<span class=\"uael-accordion-icon-closed\"><i class=\"fal fa-plus\"><\/i><\/span>\n\t\t\t\t\t\t\t\t\t\t<span class=\"uael-accordion-icon-opened\"><i class=\"fal fa-minus\"><\/i><\/span>\n\t\t\t\t\t\t\t\t\t<\/span>\n\t\t\t\t\t\t\t\t\t<span class=\"uael-question-dc38e93 uael-question-span\" tabindex=\"0\" id=\"uael-faq-3-69eef0a80a8b0\">Was wurde 2026 diskutiert?<\/span>\n\t\t\t\t\t\t\t\t<\/div>\n\t\t\t\t\t\t\t\t<div class=\"uael-accordion-content\" role=\"tabpanel\">\n\t\t\t\t\t\t\t\t\t<span>\n\t\t\t\t\t\t\t\t\t<span>Schwerpunkte waren Demokratieszenarien f\u00fcr Deutschland bis 2035, die emotionale Dimension von Zukunftsdebatten und die Frage, wie inklusive Zukunftsgestaltung gelingen kann.<\/span>\t\t\t\t\t\t\t\t\t<\/span>\n\t\t\t\t\t\t\t\t<\/div>\n\t\t\t\t\t\t\t<\/div>\n\t\t\t\t\t\t\t\t\t\t\t\t\t\t<div id=\"uael-accordion-299e100\" class=\"uael-faq-accordion\" role=\"tablist\">\n\t\t\t\t\t\t\t\t<div class= \"uael-accordion-title\" aria-expanded=\"false\" role=\"tab\">\n\t\t\t\t\t\t\t\t\t<span class=\"uael-accordion-icon uael-accordion-icon-right\">\n\t\t\t\t\t\t\t\t\t\t<span class=\"uael-accordion-icon-closed\"><i class=\"fal fa-plus\"><\/i><\/span>\n\t\t\t\t\t\t\t\t\t\t<span class=\"uael-accordion-icon-opened\"><i class=\"fal fa-minus\"><\/i><\/span>\n\t\t\t\t\t\t\t\t\t<\/span>\n\t\t\t\t\t\t\t\t\t<span class=\"uael-question-299e100 uael-question-span\" tabindex=\"0\" id=\"uael-faq-4-69eef0a80a8d4\">Warum gibt es Zukunftsforscherin.de?<\/span>\n\t\t\t\t\t\t\t\t<\/div>\n\t\t\t\t\t\t\t\t<div class=\"uael-accordion-content\" role=\"tabpanel\">\n\t\t\t\t\t\t\t\t\t<span>\n\t\t\t\t\t\t\t\t\t<span><p>Mit dem Projekt <a href=\"https:\/\/www.zukunftsforscherin.de\" target=\"_blank\" rel=\"noopener\">Zukunftsforscherin.de<\/a> wird die Sichtbarkeit und Vernetzung von Zukunftsforscherinnen aller Themengebiete erm\u00f6glicht. Aussagen von Zukunftsforscherinnen werden aktiv in den gesellschaftlichen Diskurs eingebracht und der wissenschaftliche Austausch sowie Kooperations- und Weiterbildungsm\u00f6glichkeiten f\u00fcr Zukunftsforscherinnen gef\u00f6rdert.<\/p><\/span>\t\t\t\t\t\t\t\t\t<\/span>\n\t\t\t\t\t\t\t\t<\/div>\n\t\t\t\t\t\t\t<\/div>\n\t\t\t\t\t\t\t\t\t\t\t<\/div>\n\t\t\t<\/div>\n\t\t\t\t\t\t\t<\/div>\n\t\t\t\t<\/div>\n\t\t\t\t<\/div>\n\t\t\t\t<div class=\"elementor-element elementor-element-0c19854 elementor-widget elementor-widget-text-editor\" data-id=\"0c19854\" data-element_type=\"widget\" data-e-type=\"widget\" data-widget_type=\"text-editor.default\">\n\t\t\t\t<div class=\"elementor-widget-container\">\n\t\t\t\t\t\t\t\t\t<h3>Weiterf\u00fchrende Links<\/h3><p>Netzwerk der Zukunftsforscherinnen: <a href=\"https:\/\/www.zukunftsforscherin.de\/\" target=\"_blank\" rel=\"noopener\">zukunftsforscherin.de<\/a><\/p><p>LinkedIn: <a href=\"https:\/\/www.linkedin.com\/company\/zukunftsforscherin\" target=\"_blank\" rel=\"noopener\">Zukunftsforscherinnen auf LinkedIn<\/a><\/p><p>Instagram: <a href=\"https:\/\/www.instagram.com\/zukunftsforscher_in\/\" target=\"_blank\" rel=\"noopener\">@zukunftsforscher_in<\/a><\/p><p>Neuer Blog: <a href=\"https:\/\/www.zukunftsforscherin.de\/tpost\/blogintro\" target=\"_blank\" rel=\"noopener\">Marens Er\u00f6ffnungsbeitrag<\/a><\/p><p>Studie D2030: <a href=\"https:\/\/d2030.de\" target=\"_blank\" rel=\"noopener\">Alte Grenzen \u2013 Neue Gefahren 2035<\/a><\/p>\t\t\t\t\t\t\t\t<\/div>\n\t\t\t\t<\/div>\n\t\t\t\t\t<\/div>\n\t\t\t\t<\/div>\n\t\t\t\t\t<\/div>\n\t\t\t\t<\/div>\n\t\t\t\t<\/div>\n\t\t<div class=\"elementor-element elementor-element-6350fb5a e-con-full e-flex e-con e-child\" data-id=\"6350fb5a\" data-element_type=\"container\" data-e-type=\"container\">\n\t\t\t\t<div class=\"elementor-element elementor-element-9c9ed17 elementor-grid-1 elementor-grid-tablet-2 elementor-grid-mobile-1 elementor-posts--thumbnail-top elementor-widget elementor-widget-posts\" data-id=\"9c9ed17\" data-element_type=\"widget\" data-e-type=\"widget\" data-settings=\"{&quot;classic_columns&quot;:&quot;1&quot;,&quot;classic_row_gap&quot;:{&quot;unit&quot;:&quot;px&quot;,&quot;size&quot;:20,&quot;sizes&quot;:[]},&quot;classic_row_gap_mobile&quot;:{&quot;unit&quot;:&quot;px&quot;,&quot;size&quot;:20,&quot;sizes&quot;:[]},&quot;classic_columns_tablet&quot;:&quot;2&quot;,&quot;classic_columns_mobile&quot;:&quot;1&quot;,&quot;classic_row_gap_tablet&quot;:{&quot;unit&quot;:&quot;px&quot;,&quot;size&quot;:&quot;&quot;,&quot;sizes&quot;:[]}}\" data-widget_type=\"posts.classic\">\n\t\t\t\t<div class=\"elementor-widget-container\">\n\t\t\t\t\t\t\t<div class=\"elementor-posts-container elementor-posts elementor-posts--skin-classic elementor-grid\" role=\"list\">\n\t\t\t\t<article class=\"elementor-post elementor-grid-item post-6780 post type-post status-publish format-standard has-post-thumbnail hentry category-chemie-weiterdenken category-allgemein category-chemie tag-automobil tag-chemie tag-kreislaufwirtschaft tag-transformation\" role=\"listitem\">\n\t\t\t\t<a class=\"elementor-post__thumbnail__link\" href=\"https:\/\/advanced-foresight.com\/en\/transformation-der-chemieindustrie-wie-das-ctc-die-branche-neu-erfindet\/\" tabindex=\"-1\">\n\t\t\t<div class=\"elementor-post__thumbnail\"><img decoding=\"async\" width=\"1024\" height=\"576\" src=\"https:\/\/advanced-foresight.com\/wp-content\/uploads\/2026\/04\/LRA-Delitzsch_151629_bea_as-1024x576.jpg\" class=\"attachment-large size-large wp-image-7827\" alt=\"\" title=\"\" srcset=\"https:\/\/advanced-foresight.com\/wp-content\/uploads\/2026\/04\/LRA-Delitzsch_151629_bea_as-1024x576.jpg 1024w, https:\/\/advanced-foresight.com\/wp-content\/uploads\/2026\/04\/LRA-Delitzsch_151629_bea_as-300x169.jpg 300w, https:\/\/advanced-foresight.com\/wp-content\/uploads\/2026\/04\/LRA-Delitzsch_151629_bea_as-768x432.jpg 768w, https:\/\/advanced-foresight.com\/wp-content\/uploads\/2026\/04\/LRA-Delitzsch_151629_bea_as-1536x864.jpg 1536w, https:\/\/advanced-foresight.com\/wp-content\/uploads\/2026\/04\/LRA-Delitzsch_151629_bea_as-18x10.jpg 18w, https:\/\/advanced-foresight.com\/wp-content\/uploads\/2026\/04\/LRA-Delitzsch_151629_bea_as.jpg 1920w\" sizes=\"(max-width: 1024px) 100vw, 1024px\" \/><\/div>\n\t\t<\/a>\n\t\t\t\t<div class=\"elementor-post__text\">\n\t\t\t\t<h3 class=\"elementor-post__title\">\n\t\t\t<a href=\"https:\/\/advanced-foresight.com\/en\/transformation-der-chemieindustrie-wie-das-ctc-die-branche-neu-erfindet\/\">\n\t\t\t\tTransformation der Chemieindustrie: Wie das CTC die Branche neu erfindet\t\t\t<\/a>\n\t\t<\/h3>\n\t\t\t\t<div class=\"elementor-post__meta-data\">\n\t\t\t\t\t<span class=\"elementor-post-author\">Carsten Hesse, Bernhard Albert<\/span>\n\t\t\t\t<\/div>\n\t\t\n\t\t<a class=\"elementor-post__read-more\" href=\"https:\/\/advanced-foresight.com\/en\/transformation-der-chemieindustrie-wie-das-ctc-die-branche-neu-erfindet\/\" aria-label=\"Read more about Transformation der Chemieindustrie: Wie das CTC die Branche neu erfindet\" tabindex=\"-1\">\n\t\t\tWeiterlesen \u00bb\t\t<\/a>\n\n\t\t\t\t<\/div>\n\t\t\t\t<\/article>\n\t\t\t\t<article class=\"elementor-post elementor-grid-item post-6422 post type-post status-publish format-standard has-post-thumbnail hentry category-allgemein tag-advanced-foresight-group tag-demokratie-staerken tag-ellery-studio tag-populismus-narrative tag-schaltzeit tag-zukunftsgestaltung\" role=\"listitem\">\n\t\t\t\t<a class=\"elementor-post__thumbnail__link\" href=\"https:\/\/advanced-foresight.com\/en\/tag-der-zukunftsforscherinnen-2026-demokratie-foresight\/\" tabindex=\"-1\">\n\t\t\t<div class=\"elementor-post__thumbnail\"><img decoding=\"async\" width=\"1024\" height=\"576\" src=\"https:\/\/advanced-foresight.com\/wp-content\/uploads\/2026\/03\/2026-Tag_der_Zukunfstforscherinnen_Schaltzeit_image138_16-9_w-1024x576.jpg\" class=\"attachment-large size-large wp-image-6458\" alt=\"Teilnehmende beim Tag der Zukunftsforscherinnen 2026 bei Ellery Studio Berlin\" title=\"\" srcset=\"https:\/\/advanced-foresight.com\/wp-content\/uploads\/2026\/03\/2026-Tag_der_Zukunfstforscherinnen_Schaltzeit_image138_16-9_w-1024x576.jpg 1024w, https:\/\/advanced-foresight.com\/wp-content\/uploads\/2026\/03\/2026-Tag_der_Zukunfstforscherinnen_Schaltzeit_image138_16-9_w-300x169.jpg 300w, https:\/\/advanced-foresight.com\/wp-content\/uploads\/2026\/03\/2026-Tag_der_Zukunfstforscherinnen_Schaltzeit_image138_16-9_w-768x432.jpg 768w, https:\/\/advanced-foresight.com\/wp-content\/uploads\/2026\/03\/2026-Tag_der_Zukunfstforscherinnen_Schaltzeit_image138_16-9_w-18x10.jpg 18w, https:\/\/advanced-foresight.com\/wp-content\/uploads\/2026\/03\/2026-Tag_der_Zukunfstforscherinnen_Schaltzeit_image138_16-9_w.jpg 1170w\" sizes=\"(max-width: 1024px) 100vw, 1024px\" \/><\/div>\n\t\t<\/a>\n\t\t\t\t<div class=\"elementor-post__text\">\n\t\t\t\t<h3 class=\"elementor-post__title\">\n\t\t\t<a href=\"https:\/\/advanced-foresight.com\/en\/tag-der-zukunftsforscherinnen-2026-demokratie-foresight\/\">\n\t\t\t\tTag der Zukunftsforscherinnen 2026: Wessen Perspektiven pr\u00e4gen unsere Demokratiedebatten?\t\t\t<\/a>\n\t\t<\/h3>\n\t\t\t\t<div class=\"elementor-post__meta-data\">\n\t\t\t\t\t<span class=\"elementor-post-author\">Magdalena Soetebeer<\/span>\n\t\t\t\t<\/div>\n\t\t\n\t\t<a class=\"elementor-post__read-more\" href=\"https:\/\/advanced-foresight.com\/en\/tag-der-zukunftsforscherinnen-2026-demokratie-foresight\/\" aria-label=\"Read more about Tag der Zukunftsforscherinnen 2026: Wessen Perspektiven pr\u00e4gen unsere Demokratiedebatten?\" tabindex=\"-1\">\n\t\t\tWeiterlesen \u00bb\t\t<\/a>\n\n\t\t\t\t<\/div>\n\t\t\t\t<\/article>\n\t\t\t\t<article class=\"elementor-post elementor-grid-item post-6353 post type-post status-publish format-standard has-post-thumbnail hentry category-allgemein tag-digitale-souveraenitaet tag-explainable-ai tag-foresight tag-foresight-kommunikation tag-kuenstliche-intelligenz tag-llm tag-planungsamt-der-bundeswehr tag-qualitaetskriterien tag-red-teaming tag-strategische-vorausschau tag-szenariokonstruktion tag-trendanalyse tag-verantwortungsdiffusion tag-workshop\" role=\"listitem\">\n\t\t\t\t<a class=\"elementor-post__thumbnail__link\" href=\"https:\/\/advanced-foresight.com\/en\/wie-die-foresight-community-um-den-richtigen-ki-einsatz-ringt\/\" tabindex=\"-1\">\n\t\t\t<div class=\"elementor-post__thumbnail\"><img loading=\"lazy\" decoding=\"async\" width=\"1024\" height=\"576\" src=\"https:\/\/advanced-foresight.com\/wp-content\/uploads\/2026\/02\/KI_2026-Planungsamt-Bundeswehr-Zukunftsanalyse_image111_sw-1024x576.jpg\" class=\"attachment-large size-large wp-image-6369\" alt=\"Gruppendiskussion um KI in der Foresight am Planungsamt der Bundeswehr in Berlin\" title=\"\" srcset=\"https:\/\/advanced-foresight.com\/wp-content\/uploads\/2026\/02\/KI_2026-Planungsamt-Bundeswehr-Zukunftsanalyse_image111_sw-1024x576.jpg 1024w, https:\/\/advanced-foresight.com\/wp-content\/uploads\/2026\/02\/KI_2026-Planungsamt-Bundeswehr-Zukunftsanalyse_image111_sw-300x169.jpg 300w, https:\/\/advanced-foresight.com\/wp-content\/uploads\/2026\/02\/KI_2026-Planungsamt-Bundeswehr-Zukunftsanalyse_image111_sw-768x432.jpg 768w, https:\/\/advanced-foresight.com\/wp-content\/uploads\/2026\/02\/KI_2026-Planungsamt-Bundeswehr-Zukunftsanalyse_image111_sw-18x10.jpg 18w, https:\/\/advanced-foresight.com\/wp-content\/uploads\/2026\/02\/KI_2026-Planungsamt-Bundeswehr-Zukunftsanalyse_image111_sw.jpg 1254w\" sizes=\"(max-width: 1024px) 100vw, 1024px\" \/><\/div>\n\t\t<\/a>\n\t\t\t\t<div class=\"elementor-post__text\">\n\t\t\t\t<h3 class=\"elementor-post__title\">\n\t\t\t<a href=\"https:\/\/advanced-foresight.com\/en\/wie-die-foresight-community-um-den-richtigen-ki-einsatz-ringt\/\">\n\t\t\t\tWie die Foresight-Community um den richtigen KI-Einsatz ringt\t\t\t<\/a>\n\t\t<\/h3>\n\t\t\t\t<div class=\"elementor-post__meta-data\">\n\t\t\t\t\t<span class=\"elementor-post-author\">Andr\u00e9 Winzer<\/span>\n\t\t\t\t<\/div>\n\t\t\n\t\t<a class=\"elementor-post__read-more\" href=\"https:\/\/advanced-foresight.com\/en\/wie-die-foresight-community-um-den-richtigen-ki-einsatz-ringt\/\" aria-label=\"Read more about Wie die Foresight-Community um den richtigen KI-Einsatz ringt\" tabindex=\"-1\">\n\t\t\tWeiterlesen \u00bb\t\t<\/a>\n\n\t\t\t\t<\/div>\n\t\t\t\t<\/article>\n\t\t\t\t<\/div>\n\t\t\n\t\t\t\t\t\t<\/div>\n\t\t\t\t<\/div>\n\t\t\t\t<div class=\"elementor-element elementor-element-5b8580e1 uael-button-stack-mobile uael-button-halign-center elementor-widget elementor-widget-uael-buttons\" data-id=\"5b8580e1\" data-element_type=\"widget\" data-e-type=\"widget\" data-widget_type=\"uael-buttons.default\">\n\t\t\t\t<div class=\"elementor-widget-container\">\n\t\t\t\t\t\t\t<div class=\"uael-dual-button-outer-wrap\">\n\t\t\t<div class=\"uael-dual-button-wrap\">\n\t\t\t\t\t\t\t\t<div class=\"uael-button-wrapper uael-dual-button elementor-widget-button elementor-repeater-item-b26a515 uael-dual-button-0\">\n\t\t\t\t\t<a class=\"elementor-button-link elementor-button elementor-size-sm elementor-button-link\" href=\"\/en\/article\/\">\n\t\t\t\t\t\t\t\t<span class=\"elementor-button-content-wrapper uael-buttons-icon-left\">\n\t\t\t\t\t\t\t\t\t\t\t\t<span class=\"elementor-align-icon-left elementor-button-icon\">\n\t\t\t\t\t\t<i aria-hidden=\"true\" class=\"fal fa-align-left\"><\/i>\t\t\t\t\t<\/span>\n\t\t\t\t\t\t\t\t\t\t<span class=\"elementor-button-text elementor-inline-editing\" data-elementor-setting-key=\"buttons.0.text\" data-elementor-inline-editing-toolbar=\"none\">Other articles<\/span>\n\t\t<\/span>\n\t\t\t\t\t\t\t<\/a>\n\t\t\t\t<\/div>\n\t\t\t\t\t\t\t<\/div>\n\t\t<\/div>\n\t\t\t\t\t\t<\/div>\n\t\t\t\t<\/div>\n\t\t\t\t<\/div>\n\t\t\t\t\t<\/div>\n\t\t\t\t<\/div>\n\t\t\t\t<\/div>","protected":false},"excerpt":{"rendered":"<p>Die Frage, wessen Stimmen Zukunftsdebatten pr\u00e4gen, ist keine akademische. Sie entscheidet dar\u00fcber, welche Zuk\u00fcnfte \u00fcberhaupt denkbar werden \u2013 und welche nicht. Am 5. M\u00e4rz 2026 widmete sich der j\u00e4hrliche Tag der Zukunftsforscherinnen genau dieser Frage, diesmal mit dem Fokus auf die Zukunft unserer Demokratie. Als europ\u00e4isches Netzwerk f\u00fcr Strategic Foresight freuten wir uns, vertreten durch einige Mitglieder der Advanced Foresight Group dabei sein zu k\u00f6nnen.<\/p>","protected":false},"author":8,"featured_media":6458,"comment_status":"closed","ping_status":"closed","sticky":false,"template":"","format":"standard","meta":{"_acf_changed":false,"site-sidebar-layout":"default","site-content-layout":"","ast-site-content-layout":"default","site-content-style":"default","site-sidebar-style":"default","ast-global-header-display":"","ast-banner-title-visibility":"","ast-main-header-display":"","ast-hfb-above-header-display":"","ast-hfb-below-header-display":"","ast-hfb-mobile-header-display":"","site-post-title":"","ast-breadcrumbs-content":"","ast-featured-img":"","footer-sml-layout":"","ast-disable-related-posts":"","theme-transparent-header-meta":"","adv-header-id-meta":"","stick-header-meta":"","header-above-stick-meta":"","header-main-stick-meta":"","header-below-stick-meta":"","astra-migrate-meta-layouts":"default","ast-page-background-enabled":"default","ast-page-background-meta":{"desktop":{"background-color":"var(--ast-global-color-4)","background-image":"","background-repeat":"repeat","background-position":"center center","background-size":"auto","background-attachment":"scroll","background-type":"","background-media":"","overlay-type":"","overlay-color":"","overlay-opacity":"","overlay-gradient":""},"tablet":{"background-color":"","background-image":"","background-repeat":"repeat","background-position":"center center","background-size":"auto","background-attachment":"scroll","background-type":"","background-media":"","overlay-type":"","overlay-color":"","overlay-opacity":"","overlay-gradient":""},"mobile":{"background-color":"","background-image":"","background-repeat":"repeat","background-position":"center center","background-size":"auto","background-attachment":"scroll","background-type":"","background-media":"","overlay-type":"","overlay-color":"","overlay-opacity":"","overlay-gradient":""}},"ast-content-background-meta":{"desktop":{"background-color":"var(--ast-global-color-5)","background-image":"","background-repeat":"repeat","background-position":"center center","background-size":"auto","background-attachment":"scroll","background-type":"","background-media":"","overlay-type":"","overlay-color":"","overlay-opacity":"","overlay-gradient":""},"tablet":{"background-color":"var(--ast-global-color-5)","background-image":"","background-repeat":"repeat","background-position":"center center","background-size":"auto","background-attachment":"scroll","background-type":"","background-media":"","overlay-type":"","overlay-color":"","overlay-opacity":"","overlay-gradient":""},"mobile":{"background-color":"var(--ast-global-color-5)","background-image":"","background-repeat":"repeat","background-position":"center center","background-size":"auto","background-attachment":"scroll","background-type":"","background-media":"","overlay-type":"","overlay-color":"","overlay-opacity":"","overlay-gradient":""}},"footnotes":""},"categories":[1],"tags":[34,220,223,221,28,222],"ppma_author":[229],"class_list":["post-6422","post","type-post","status-publish","format-standard","has-post-thumbnail","hentry","category-allgemein","tag-advanced-foresight-group","tag-demokratie-staerken","tag-ellery-studio","tag-populismus-narrative","tag-schaltzeit","tag-zukunftsgestaltung"],"acf":[],"authors":[{"term_id":229,"user_id":8,"is_guest":0,"slug":"msoetebeer","display_name":"Magdalena Soetebeer","avatar_url":"https:\/\/secure.gravatar.com\/avatar\/fe25b0ba18c05002554e48eba39c2d1aaeb140c644a35639c3aa75b867dd9dde?s=96&d=mm&r=g","0":null,"1":"","2":"","3":"","4":"","5":"","6":"","7":"","8":""}],"_links":{"self":[{"href":"https:\/\/advanced-foresight.com\/en\/wp-json\/wp\/v2\/posts\/6422","targetHints":{"allow":["GET"]}}],"collection":[{"href":"https:\/\/advanced-foresight.com\/en\/wp-json\/wp\/v2\/posts"}],"about":[{"href":"https:\/\/advanced-foresight.com\/en\/wp-json\/wp\/v2\/types\/post"}],"author":[{"embeddable":true,"href":"https:\/\/advanced-foresight.com\/en\/wp-json\/wp\/v2\/users\/8"}],"replies":[{"embeddable":true,"href":"https:\/\/advanced-foresight.com\/en\/wp-json\/wp\/v2\/comments?post=6422"}],"version-history":[{"count":61,"href":"https:\/\/advanced-foresight.com\/en\/wp-json\/wp\/v2\/posts\/6422\/revisions"}],"predecessor-version":[{"id":7817,"href":"https:\/\/advanced-foresight.com\/en\/wp-json\/wp\/v2\/posts\/6422\/revisions\/7817"}],"wp:featuredmedia":[{"embeddable":true,"href":"https:\/\/advanced-foresight.com\/en\/wp-json\/wp\/v2\/media\/6458"}],"wp:attachment":[{"href":"https:\/\/advanced-foresight.com\/en\/wp-json\/wp\/v2\/media?parent=6422"}],"wp:term":[{"taxonomy":"category","embeddable":true,"href":"https:\/\/advanced-foresight.com\/en\/wp-json\/wp\/v2\/categories?post=6422"},{"taxonomy":"post_tag","embeddable":true,"href":"https:\/\/advanced-foresight.com\/en\/wp-json\/wp\/v2\/tags?post=6422"},{"taxonomy":"author","embeddable":true,"href":"https:\/\/advanced-foresight.com\/en\/wp-json\/wp\/v2\/ppma_author?post=6422"}],"curies":[{"name":"wp","href":"https:\/\/api.w.org\/{rel}","templated":true}]}}